{"id":793,"date":"2025-10-14T22:23:36","date_gmt":"2025-10-14T21:23:36","guid":{"rendered":"http:\/\/www.theateretcetera.com\/?p=793"},"modified":"2025-11-15T19:32:16","modified_gmt":"2025-11-15T18:32:16","slug":"demnaechst-auf-der-buehne","status":"publish","type":"post","link":"https:\/\/www.theateretcetera.com\/?p=793","title":{"rendered":"demn\u00e4chst zu sehen:"},"content":{"rendered":"\n<hr class=\"wp-block-separator has-alpha-channel-opacity\"\/>\n\n\n\n<p>Mai 2025 in Raas:<\/p>\n\n\n\n<figure class=\"wp-block-image size-large is-resized\"><a href=\"https:\/\/www.theateretcetera.com\/wp-content\/uploads\/2025\/04\/Bild-Event.jpg\"><img decoding=\"async\" loading=\"lazy\" width=\"1024\" height=\"536\" src=\"https:\/\/www.theateretcetera.com\/wp-content\/uploads\/2025\/04\/Bild-Event-1024x536.jpg\" alt=\"\" class=\"wp-image-930\" style=\"aspect-ratio:1.9104477611940298;width:800px;height:auto\" srcset=\"https:\/\/www.theateretcetera.com\/wp-content\/uploads\/2025\/04\/Bild-Event-1024x536.jpg 1024w, https:\/\/www.theateretcetera.com\/wp-content\/uploads\/2025\/04\/Bild-Event-300x157.jpg 300w, https:\/\/www.theateretcetera.com\/wp-content\/uploads\/2025\/04\/Bild-Event-768x402.jpg 768w, https:\/\/www.theateretcetera.com\/wp-content\/uploads\/2025\/04\/Bild-Event-1536x804.jpg 1536w, https:\/\/www.theateretcetera.com\/wp-content\/uploads\/2025\/04\/Bild-Event.jpg 1920w\" sizes=\"(max-width: 767px) 89vw, (max-width: 1000px) 54vw, (max-width: 1071px) 543px, 580px\" \/><\/a><\/figure>\n\n\n\n<h2 class=\"wp-block-heading\">eine schr\u00e4ge Kom\u00f6die!<\/h2>\n\n\n\n<p>es wird ein mordsm\u00e4\u00dfiger Spa\u00df, wir d\u00fcrfen Euch sehr herzlich zur schr\u00e4gen Kom\u00f6die von Michael McKeever<\/p>\n\n\n\n<p><strong>AUF DER B\u00dcHNE<\/strong><\/p>\n\n\n\n<p>FLORIAN BARTH, MARGIT DELTEDESCO, PETRA FINK TASCHLER<a><\/a>, ANDREAS PENN, <a><\/a>GABY ENGL <a><\/a><a><\/a>LIENSBERGER und ROBERTA VOLGGER DELTEDESCO.<\/p>\n\n\n\n<p>Im Saal der Grundschule Raas (Natz-Schabs)<\/p>\n\n\n\n<p><strong>TERMINE<\/strong><\/p>\n\n\n\n<p>Freitag, &nbsp;&nbsp;&nbsp;&nbsp;&nbsp;&nbsp;&nbsp;&nbsp;&nbsp;&nbsp;&nbsp;&nbsp;&nbsp;&nbsp;&nbsp;&nbsp;&nbsp;&nbsp;&nbsp;&nbsp;&nbsp; 09. Mai 2025&nbsp;&nbsp;&nbsp;&nbsp;&nbsp;&nbsp;&nbsp;&nbsp;&nbsp;&nbsp;&nbsp;&nbsp;&nbsp;&nbsp; um 20.00 Uhr<\/p>\n\n\n\n<p>Montag, &nbsp;&nbsp;&nbsp;&nbsp;&nbsp;&nbsp;&nbsp;&nbsp;&nbsp;&nbsp;&nbsp;&nbsp;&nbsp;&nbsp;&nbsp;&nbsp;&nbsp;&nbsp;&nbsp;&nbsp; 12. Mai 2025&nbsp;&nbsp;&nbsp;&nbsp;&nbsp;&nbsp;&nbsp;&nbsp;&nbsp;&nbsp;&nbsp;&nbsp;&nbsp;&nbsp; um 20.00 Uhr<br>Mittwoch, &nbsp;&nbsp;&nbsp;&nbsp;&nbsp;&nbsp;&nbsp;&nbsp;&nbsp;&nbsp;&nbsp;&nbsp;&nbsp;&nbsp;&nbsp;&nbsp;&nbsp;&nbsp; 14. Mai 2025&nbsp;&nbsp;&nbsp;&nbsp;&nbsp;&nbsp;&nbsp;&nbsp;&nbsp;&nbsp;&nbsp;&nbsp;&nbsp;&nbsp; um 20.00 Uhr<br>Samstag, &nbsp;&nbsp;&nbsp;&nbsp;&nbsp;&nbsp;&nbsp;&nbsp;&nbsp;&nbsp;&nbsp;&nbsp;&nbsp;&nbsp;&nbsp;&nbsp;&nbsp;&nbsp; 17. Mai 2025&nbsp;&nbsp;&nbsp;&nbsp;&nbsp;&nbsp;&nbsp;&nbsp;&nbsp;&nbsp;&nbsp;&nbsp;&nbsp;&nbsp; um 20.00 Uhr<\/p>\n\n\n\n<p>Sonntag, &nbsp;&nbsp;&nbsp;&nbsp;&nbsp;&nbsp;&nbsp;&nbsp;&nbsp;&nbsp;&nbsp;&nbsp;&nbsp;&nbsp;&nbsp;&nbsp;&nbsp;&nbsp;&nbsp; 18. Mai 2025&nbsp;&nbsp;&nbsp;&nbsp;&nbsp;&nbsp;&nbsp;&nbsp;&nbsp;&nbsp;&nbsp;&nbsp;&nbsp;&nbsp; um 20.00 Uhr<br>Dienstag, &nbsp;&nbsp;&nbsp;&nbsp;&nbsp;&nbsp;&nbsp;&nbsp;&nbsp;&nbsp;&nbsp;&nbsp;&nbsp;&nbsp;&nbsp;&nbsp;&nbsp;&nbsp; 20. Mai 2025&nbsp;&nbsp;&nbsp;&nbsp;&nbsp;&nbsp;&nbsp;&nbsp;&nbsp;&nbsp;&nbsp;&nbsp;&nbsp;&nbsp; um 20.00 Uhr<\/p>\n\n\n\n<p><\/p>\n\n\n\n<p><strong>RESERVIERUNG <\/strong><strong>(<\/strong>Reserviert Euch rechtzeitig die Pl\u00e4tze!<strong>)<\/strong><strong><\/strong><\/p>\n\n\n\n<p><strong>(NEU!)<\/strong> Online: einfach<strong> diesem Link f<a href=\"https:\/\/reservation.ticketleo.com\/event\/32427\/theatergruppe-raas--37-ansichtskarten\">olgen<\/a> <\/strong>und Sitzplatz w\u00e4hlen<\/p>\n\n\n\n<p>WhatsApp: Name, Auff\u00fchrungstag, Anzahl angeben: <strong>339 276 3888<\/strong><\/p>\n\n\n\n<p>Telefonisch: Mo bis Fr von 18 bis 19 Uhr unter <strong>339 276 3888<\/strong><\/p>\n\n\n\n<figure class=\"wp-block-image size-large is-resized\"><a href=\"https:\/\/www.theateretcetera.com\/wp-content\/uploads\/2025\/04\/Flyer_Raas_25-FINAL-1-scaled.jpg\"><img decoding=\"async\" loading=\"lazy\" width=\"551\" height=\"1024\" src=\"https:\/\/www.theateretcetera.com\/wp-content\/uploads\/2025\/04\/Flyer_Raas_25-FINAL-1-551x1024.jpg\" alt=\"\" class=\"wp-image-932\" style=\"aspect-ratio:0.5380859375;width:786px;height:auto\" srcset=\"https:\/\/www.theateretcetera.com\/wp-content\/uploads\/2025\/04\/Flyer_Raas_25-FINAL-1-551x1024.jpg 551w, https:\/\/www.theateretcetera.com\/wp-content\/uploads\/2025\/04\/Flyer_Raas_25-FINAL-1-162x300.jpg 162w, https:\/\/www.theateretcetera.com\/wp-content\/uploads\/2025\/04\/Flyer_Raas_25-FINAL-1-768x1426.jpg 768w, https:\/\/www.theateretcetera.com\/wp-content\/uploads\/2025\/04\/Flyer_Raas_25-FINAL-1-827x1536.jpg 827w, https:\/\/www.theateretcetera.com\/wp-content\/uploads\/2025\/04\/Flyer_Raas_25-FINAL-1-1103x2048.jpg 1103w, https:\/\/www.theateretcetera.com\/wp-content\/uploads\/2025\/04\/Flyer_Raas_25-FINAL-1-scaled.jpg 1378w\" sizes=\"(max-width: 551px) 100vw, 551px\" \/><\/a><\/figure>\n\n\n\n<figure class=\"wp-block-image size-large is-resized\"><a href=\"https:\/\/www.theateretcetera.com\/wp-content\/uploads\/2025\/04\/Flyer_Raas_25-FINAL-2-scaled.jpg\"><img decoding=\"async\" loading=\"lazy\" width=\"551\" height=\"1024\" src=\"https:\/\/www.theateretcetera.com\/wp-content\/uploads\/2025\/04\/Flyer_Raas_25-FINAL-2-551x1024.jpg\" alt=\"\" class=\"wp-image-933\" style=\"aspect-ratio:0.5380859375;width:783px;height:auto\" srcset=\"https:\/\/www.theateretcetera.com\/wp-content\/uploads\/2025\/04\/Flyer_Raas_25-FINAL-2-551x1024.jpg 551w, https:\/\/www.theateretcetera.com\/wp-content\/uploads\/2025\/04\/Flyer_Raas_25-FINAL-2-162x300.jpg 162w, https:\/\/www.theateretcetera.com\/wp-content\/uploads\/2025\/04\/Flyer_Raas_25-FINAL-2-768x1426.jpg 768w, https:\/\/www.theateretcetera.com\/wp-content\/uploads\/2025\/04\/Flyer_Raas_25-FINAL-2-827x1536.jpg 827w, https:\/\/www.theateretcetera.com\/wp-content\/uploads\/2025\/04\/Flyer_Raas_25-FINAL-2-1103x2048.jpg 1103w, https:\/\/www.theateretcetera.com\/wp-content\/uploads\/2025\/04\/Flyer_Raas_25-FINAL-2-scaled.jpg 1378w\" sizes=\"(max-width: 551px) 100vw, 551px\" \/><\/a><\/figure>\n\n\n\n<hr class=\"wp-block-separator has-alpha-channel-opacity\"\/>\n\n\n\n<hr class=\"wp-block-separator has-alpha-channel-opacity\"\/>\n\n\n\n<p><\/p>\n\n\n\n<p><\/p>\n\n\n\n<p><\/p>\n\n\n\n<p><\/p>\n\n\n\n<p><\/p>\n\n\n\n<p><\/p>\n\n\n\n<h1 class=\"wp-block-heading has-text-align-center\"><strong><mark style=\"background-color:rgba(0, 0, 0, 0)\" class=\"has-inline-color has-vivid-red-color\">Charley&#8217;s Tante \u2026reloaded<\/mark><\/strong><\/h1>\n\n\n\n<p>Ein Kom\u00f6dien-Klassiker in die heutige Zeit versetzt von Winnie Abel<\/p>\n\n\n\n<figure class=\"wp-block-image size-large\"><a href=\"https:\/\/www.theateretcetera.com\/wp-content\/uploads\/2024\/09\/Charleys-Tante-Programmheft.jpg\"><img decoding=\"async\" loading=\"lazy\" width=\"362\" height=\"1024\" src=\"https:\/\/www.theateretcetera.com\/wp-content\/uploads\/2024\/09\/Charleys-Tante-Programmheft-362x1024.jpg\" alt=\"\" class=\"wp-image-918\" srcset=\"https:\/\/www.theateretcetera.com\/wp-content\/uploads\/2024\/09\/Charleys-Tante-Programmheft-362x1024.jpg 362w, https:\/\/www.theateretcetera.com\/wp-content\/uploads\/2024\/09\/Charleys-Tante-Programmheft-106x300.jpg 106w, https:\/\/www.theateretcetera.com\/wp-content\/uploads\/2024\/09\/Charleys-Tante-Programmheft-768x2172.jpg 768w, https:\/\/www.theateretcetera.com\/wp-content\/uploads\/2024\/09\/Charleys-Tante-Programmheft-543x1536.jpg 543w, https:\/\/www.theateretcetera.com\/wp-content\/uploads\/2024\/09\/Charleys-Tante-Programmheft-724x2048.jpg 724w, https:\/\/www.theateretcetera.com\/wp-content\/uploads\/2024\/09\/Charleys-Tante-Programmheft.jpg 776w\" sizes=\"(max-width: 362px) 100vw, 362px\" \/><\/a><\/figure>\n\n\n\n<p><strong>Heimatb\u00fchne St. Andr\u00e4<\/strong> | Premiere am: 25. Oktober 2024<\/p>\n\n\n\n<p class=\"has-text-align-left\">Seit mehr als 100 Jahren begeistert der Dauerbrenner \u201eCharleys Tante\u201c das Publikum. Wer erinnert sich nicht&#8230; Unvergesslich bis zum heutigen Tag ist \u201eCharleys Tante\u201c, die seinerzeit sowohl von Heinz R\u00fchmann wie auch sp\u00e4ter von Peter Alexander verk\u00f6rpert wurde. Eine Neuauflage der turbulenten Verwechslungskom\u00f6die wird mit aktuellen Bez\u00fcgen in die heutige Zeit versetzt mit aktuellen Themen wie \u201eGendern\u201c und \u201eFemale Choice\u201c, die herrlich komisch dargestellt werden.<\/p>\n\n\n\n<p class=\"has-pale-pink-color has-text-color\"><strong>Zum St\u00fcck:<\/strong><\/p>\n\n\n\n<p>Zwei Computer Nerds, wie sie unterschiedlicher nicht sein k\u00f6nnen. Beide wurden von ihren Frauen verlassen und fristen nun ein Single-Dasein in einer Wohngemeinschaft. Sie f\u00fchren ein unspektakul\u00e4res Leben, doch als sich Charleys prominente Tante aus Amerika ank\u00fcndigt, wird\u00b4s turbulent. Die neuen Nachbarinnen m\u00f6chten die Tante unbedingt kennenlernen und nehmen die Einladung der merkw\u00fcrdigen M\u00e4nner-WG an.<br>Einem neuen Liebesgl\u00fcck soll nichts mehr im Wege stehen. Als die Tante kurzfristig ihr Kommen absagt, schl\u00fcpft Jack in die Rolle der Grande Dame und ein komisches Abenteuer mit vielen Fauxpas nimmt seinen Lauf. Ein Kom\u00f6dien-Klassiker in die heutige Zeit versetzt. Spa\u00df ist auf jeden Fall garantiert.<\/p>\n\n\n\n<p>Ein Kom\u00f6dien-Klassiker in die heutige Zeit versetzt. Spa\u00df ist auf jeden Fall garantiert.<\/p>\n\n\n\n<h3 class=\"wp-block-heading has-pale-pink-color has-text-color\"><strong>Auf der B\u00fchne<\/strong><\/h3>\n\n\n\n<p><strong>JACK&nbsp;&nbsp;&nbsp;&nbsp;&nbsp;&nbsp;&nbsp;&nbsp;&nbsp;&nbsp;&nbsp;&nbsp;&nbsp;&nbsp;&nbsp;&nbsp; &nbsp;&nbsp;&nbsp;&nbsp;&nbsp;&nbsp;&nbsp;&nbsp;&nbsp;&nbsp;&nbsp;&nbsp;&nbsp;&nbsp; <\/strong>ein Computer-Nerd&nbsp;<strong>TOBIAS GOSTNER<\/strong><\/p>\n\n\n\n<p><strong>CHARLEY&nbsp;&nbsp;&nbsp;&nbsp;&nbsp;&nbsp;&nbsp;&nbsp;&nbsp;&nbsp;&nbsp;&nbsp;&nbsp;&nbsp;&nbsp;&nbsp;&nbsp;&nbsp;&nbsp;&nbsp;&nbsp;&nbsp; <\/strong>Jacks spie\u00dfiger Mitbewohner&nbsp;<strong>HARALD DUML<\/strong><\/p>\n\n\n\n<p><strong>NELLY&nbsp;&nbsp;&nbsp;&nbsp;&nbsp;&nbsp;&nbsp;&nbsp;&nbsp;&nbsp;&nbsp;&nbsp;&nbsp;&nbsp;&nbsp;&nbsp;&nbsp;&nbsp;&nbsp;&nbsp;&nbsp;&nbsp;&nbsp;&nbsp;&nbsp;&nbsp;&nbsp;&nbsp;&nbsp; <\/strong>trinkfeste Lokaljournalistin&nbsp;<strong>PETRA FISCHNALLER<\/strong><\/p>\n\n\n\n<p><strong>THERESIA&nbsp;&nbsp;&nbsp;&nbsp;&nbsp;&nbsp;&nbsp;&nbsp;&nbsp;&nbsp;&nbsp;&nbsp;&nbsp;&nbsp;&nbsp;&nbsp;&nbsp;&nbsp;&nbsp;&nbsp;&nbsp; <\/strong>gendernde Idealist*in&nbsp;<strong>ANGELIKA STEINMANN<\/strong><\/p>\n\n\n\n<p><strong>ERICH PFEIFER<\/strong>&nbsp;&nbsp;&nbsp;&nbsp;&nbsp;&nbsp;&nbsp;&nbsp;&nbsp;&nbsp;&nbsp; querulantischer Nachbar <strong>HERMANN PIOK<\/strong><\/p>\n\n\n\n<p><strong>MICHI&nbsp;&nbsp;&nbsp;&nbsp;&nbsp;&nbsp;&nbsp;&nbsp;&nbsp;&nbsp;&nbsp;&nbsp;&nbsp;&nbsp;&nbsp;&nbsp;&nbsp;&nbsp;&nbsp;&nbsp;&nbsp;&nbsp;&nbsp;&nbsp;&nbsp;&nbsp;&nbsp;&nbsp;&nbsp; <\/strong>Exfrau und Pulverfass auf Sinnsuche <strong>CLAUDIA BERGMEISTER<\/strong><\/p>\n\n\n\n<p><strong>MAJA&nbsp;&nbsp;&nbsp;&nbsp;&nbsp;&nbsp;&nbsp;&nbsp;&nbsp;&nbsp;&nbsp;&nbsp;&nbsp;&nbsp;&nbsp;&nbsp;&nbsp;&nbsp;&nbsp;&nbsp;&nbsp;&nbsp;&nbsp;&nbsp;&nbsp;&nbsp;&nbsp;&nbsp;&nbsp;&nbsp;&nbsp; <\/strong>pubertierende Tochter <strong>LILLY OBERRAUCH<\/strong><\/p>\n\n\n\n<p><strong>LISA&nbsp;&nbsp;&nbsp;&nbsp;&nbsp;&nbsp;&nbsp;&nbsp;&nbsp;&nbsp;&nbsp;&nbsp;&nbsp;&nbsp;&nbsp;&nbsp;&nbsp;&nbsp;&nbsp;&nbsp;&nbsp;&nbsp;&nbsp;&nbsp;&nbsp;&nbsp;&nbsp;&nbsp;&nbsp;&nbsp;&nbsp;&nbsp;&nbsp; <\/strong>Tante und exzentrische Stil-Ikone <strong>SUSANNE GOLLER<\/strong><strong>BRT-PAKETDIENST&nbsp;&nbsp;&nbsp;&nbsp;&nbsp; <\/strong>Yalla Yalla! <strong>HUBERT ELLEMUND<\/strong><\/p>\n\n\n\n<hr class=\"wp-block-separator has-alpha-channel-opacity\"\/>\n\n\n\n<figure class=\"wp-block-image size-large\"><a href=\"https:\/\/www.theateretcetera.com\/wp-content\/uploads\/2024\/10\/Ensamble-2024-mit-Regie.jpg\"><img decoding=\"async\" loading=\"lazy\" width=\"1024\" height=\"1024\" src=\"https:\/\/www.theateretcetera.com\/wp-content\/uploads\/2024\/10\/Ensamble-2024-mit-Regie-1024x1024.jpg\" alt=\"\" class=\"wp-image-927\" srcset=\"https:\/\/www.theateretcetera.com\/wp-content\/uploads\/2024\/10\/Ensamble-2024-mit-Regie-1024x1024.jpg 1024w, https:\/\/www.theateretcetera.com\/wp-content\/uploads\/2024\/10\/Ensamble-2024-mit-Regie-300x300.jpg 300w, https:\/\/www.theateretcetera.com\/wp-content\/uploads\/2024\/10\/Ensamble-2024-mit-Regie-150x150.jpg 150w, https:\/\/www.theateretcetera.com\/wp-content\/uploads\/2024\/10\/Ensamble-2024-mit-Regie-768x768.jpg 768w, https:\/\/www.theateretcetera.com\/wp-content\/uploads\/2024\/10\/Ensamble-2024-mit-Regie-100x100.jpg 100w, https:\/\/www.theateretcetera.com\/wp-content\/uploads\/2024\/10\/Ensamble-2024-mit-Regie.jpg 1080w\" sizes=\"(max-width: 767px) 89vw, (max-width: 1000px) 54vw, (max-width: 1071px) 543px, 580px\" \/><\/a><\/figure>\n\n\n\n<p>Freitag, 25. Oktober um 20 Uhr<\/p>\n\n\n\n<p>&nbsp;Dienstag, 29. Oktober um 20 Uhr<\/p>\n\n\n\n<p>Donnerstag, 31. Oktober um 20 Uhr<\/p>\n\n\n\n<p>Sonntag, 03. November um 17 Uhr<\/p>\n\n\n\n<p>Freitag, 08. November um 20 Uhr<\/p>\n\n\n\n<p>Samstag, 09. November um 20 Uhr<\/p>\n\n\n\n<p><a href=\"https:\/\/www.heimatbuehne-standrae.it\/\">https:\/\/www.heimatbuehne-standrae.it\/<\/a><\/p>\n\n\n\n<hr class=\"wp-block-separator has-alpha-channel-opacity\"\/>\n\n\n\n<hr class=\"wp-block-separator has-alpha-channel-opacity\"\/>\n\n\n\n<h2 class=\"wp-block-heading\">Theatergruppe Raas (2024)<\/h2>\n\n\n\n<p class=\"has-large-font-size\"><strong>DIE NERVENS\u00c4GE<\/strong> (L&#8217;Emmerdeur)<\/p>\n\n\n\n<figure class=\"wp-block-image size-large\"><a href=\"https:\/\/www.theateretcetera.com\/wp-content\/uploads\/2024\/06\/Reminder.jpg\"><img decoding=\"async\" loading=\"lazy\" width=\"1024\" height=\"1024\" src=\"https:\/\/www.theateretcetera.com\/wp-content\/uploads\/2024\/06\/Reminder-1024x1024.jpg\" alt=\"\" class=\"wp-image-914\" srcset=\"https:\/\/www.theateretcetera.com\/wp-content\/uploads\/2024\/06\/Reminder-1024x1024.jpg 1024w, https:\/\/www.theateretcetera.com\/wp-content\/uploads\/2024\/06\/Reminder-300x300.jpg 300w, https:\/\/www.theateretcetera.com\/wp-content\/uploads\/2024\/06\/Reminder-150x150.jpg 150w, https:\/\/www.theateretcetera.com\/wp-content\/uploads\/2024\/06\/Reminder-768x768.jpg 768w, https:\/\/www.theateretcetera.com\/wp-content\/uploads\/2024\/06\/Reminder-1536x1536.jpg 1536w, https:\/\/www.theateretcetera.com\/wp-content\/uploads\/2024\/06\/Reminder-100x100.jpg 100w, https:\/\/www.theateretcetera.com\/wp-content\/uploads\/2024\/06\/Reminder.jpg 2048w\" sizes=\"(max-width: 767px) 89vw, (max-width: 1000px) 54vw, (max-width: 1071px) 543px, 580px\" \/><\/a><\/figure>\n\n\n\n<p>eine Kom\u00f6die von <strong>Francis Veber<\/strong> | \u00dcbersetzer:&nbsp;<strong>Dieter Hallervorden<\/strong><\/p>\n\n\n\n<p>Veber hat mit&nbsp;DIE NERVENS\u00c4GE<strong>&nbsp;<\/strong>eine regelrechte Bilderbuch-Kom\u00f6die mit allen wichtigen Zutaten erschaffen. Schreiend komisch und r\u00fchrend zugleich.<\/p>\n\n\n\n<p><strong>Regie: Ulrich Kofler<\/strong><\/p>\n\n\n\n<p>Eigentlich ist es ein normaler Arbeitstag f\u00fcr Berufskiller Ralph: Er soll einen Kronzeugen, sobald der das Gerichtsgeb\u00e4ude betritt, per Fernschuss liquidieren. Im Hotel gegen\u00fcber hat er sich ein Zimmer mit Blick auf den Tatort reservieren lassen. Alles ist pr\u00e4zise geplant. Was kann also noch schief gehen? Alles. Denn im Nebenzimmer, mit Verbindungst\u00fcr, zieht der Fotograf Plieger ein, ein frisch verlassener und verzweifelter Ehemann der ausgerechnet hier seinem tristen Dasein ein Ende setzen will. Der Lebensm\u00fcde wird zur wahren Plage f\u00fcr Ralph, der von nun an pausenlos damit besch\u00e4ftigt ist, seinen Zimmernachbarn vor weiteren Verzweiflungstaten zu bewahren. Das ist die Ausgangssituation dieser rasanten Slapstick-Kom\u00f6die, eine groteske Situation \u2013 der Todesprofi als permanenter Lebensretter.<\/p>\n\n\n\n<p><strong>\u2026 eine der erfolgreichsten franz\u00f6sischen Kom\u00f6dien der letzten Jahrzehnte. Dieter Hallervorden \u00fcbersetzte diese Neufassung ins Deutsche<\/strong><\/p>\n\n\n\n<h3 class=\"wp-block-heading\">Auf der B\u00fchne<\/h3>\n\n\n\n<p><strong>PLIEGER &nbsp;<\/strong>&nbsp;&nbsp;&nbsp;&nbsp;&nbsp;&nbsp;&nbsp;&nbsp;&nbsp;&nbsp;&nbsp;&nbsp;&nbsp;&nbsp;&nbsp;&nbsp;&nbsp;&nbsp;&nbsp;&nbsp;&nbsp;&nbsp;&nbsp;&nbsp;&nbsp;&nbsp;&nbsp;&nbsp;&nbsp;&nbsp;&nbsp;&nbsp;ein Fotograf   <strong>ANDREAS PENN<\/strong><\/p>\n\n\n\n<p><strong>RALPH &nbsp;<\/strong>&nbsp;&nbsp;&nbsp;&nbsp;&nbsp;&nbsp;&nbsp;&nbsp;&nbsp;&nbsp;&nbsp;&nbsp;&nbsp;&nbsp;&nbsp;&nbsp;&nbsp;&nbsp;&nbsp;&nbsp;&nbsp;&nbsp;&nbsp;&nbsp;&nbsp;&nbsp;&nbsp;&nbsp;&nbsp;&nbsp;&nbsp;&nbsp;&nbsp;    der Berufskiller <strong>JOACHIM MITTERUTZNER<\/strong><\/p>\n\n\n\n<p><strong>Dr. WOLF<\/strong> &nbsp;&nbsp;&nbsp;&nbsp;&nbsp;&nbsp;&nbsp;&nbsp;&nbsp;&nbsp;&nbsp;&nbsp;&nbsp;&nbsp;&nbsp;&nbsp;&nbsp;&nbsp;&nbsp;&nbsp;&nbsp;&nbsp;&nbsp;&nbsp;&nbsp;&nbsp;&nbsp;       ein Psychiater <strong>MANFRED BURGER<\/strong><\/p>\n\n\n\n<p><strong>LOUISE<\/strong> &nbsp;&nbsp;&nbsp;&nbsp;&nbsp;&nbsp;&nbsp;&nbsp;&nbsp;&nbsp;&nbsp;&nbsp;&nbsp;&nbsp;&nbsp;&nbsp;&nbsp;&nbsp;&nbsp;&nbsp;&nbsp;&nbsp;&nbsp;&nbsp;&nbsp;&nbsp;&nbsp;&nbsp;&nbsp;&nbsp;&nbsp;&nbsp;&nbsp;&nbsp;&nbsp;&nbsp;&nbsp;&nbsp;&nbsp;die Frau von Plieger <strong> CHRISTA ISSINGER<\/strong><\/p>\n\n\n\n<p><strong>HOTELDAME<\/strong>                             <strong>ROBERTA VOLGGER DELTEDESCO<\/strong><\/p>\n\n\n\n<p><strong>CARABINIERA                           LENA KOFLER<\/strong><\/p>\n\n\n\n<h3 class=\"wp-block-heading\">MItwirkende<\/h3>\n\n\n\n<p><strong>Regie:<\/strong>&nbsp;Ulrich Kofler<\/p>\n\n\n\n<p><strong>Kost\u00fcme:<\/strong>&nbsp;Monika Seppi Grumer<\/p>\n\n\n\n<p><strong>Technik:&nbsp;<\/strong> Jonas Haitsma<\/p>\n\n\n\n<p><strong>B\u00fchnenbau:<\/strong> Josef March<\/p>\n\n\n\n<p><\/p>\n\n\n\n<p><strong>Abendkasse:<\/strong> Ingrid Deltedesco<\/p>\n\n\n\n<p><strong>Gesamtleitung:<\/strong>&nbsp;Benno Thaler<\/p>\n\n\n\n<p>Auff\u00fchrungen<\/p>\n\n\n\n<p>Freitag, 22. M\u00e4rz 2024&nbsp;  | um 20.00 Uhr<\/p>\n\n\n\n<p>Dienstag, 26. M\u00e4rz 2024  | um 20.00 Uhr<\/p>\n\n\n\n<p>Ostermontag, 1. April 2024  | um 18.00 Uhr<\/p>\n\n\n\n<p>Mittwoch, 3. April 2024   | um 20.00 Uhr<\/p>\n\n\n\n<p>Freitag, 5. April 2024&nbsp;  | um 20.00 Uhr<\/p>\n\n\n\n<p>Samstag, 6. April 2024  |  um 20.00 Uhr<\/p>\n\n\n\n<p>theatergruppe.raas@gmail.com  auch auf FACEBOOK und INSTAGRAM<\/p>\n\n\n\n<hr class=\"wp-block-separator has-alpha-channel-opacity\"\/>\n\n\n\n<hr class=\"wp-block-separator has-alpha-channel-opacity\"\/>\n\n\n\n<p><\/p>\n\n\n\n<p><\/p>\n\n\n\n<p>Stadtb\u00fchne Sterzing<\/p>\n\n\n\n<p class=\"has-large-font-size\"><strong>DELIKATESSEN<\/strong><\/p>\n\n\n\n<p><strong>eine schrille, rabenschwarze Kultkom\u00f6die nach dem preisgekr\u00f6nten Film \u201eD\u00e4nische Delikatessen\u201c des Regisseurs und Drehbuchautors Anders Thomas Jensen.<\/strong><\/p>\n\n\n\n<p><strong>Regie: Ulrich Kofler<\/strong><\/p>\n\n\n\n<p><strong>\u201cGroteske Figuren zeigen ihr menschliches Gesicht nur bei genauerer Betrachtung.\u201d<\/strong><\/p>\n\n\n\n<p>Benni steht unter Strom. Sven schwitzt. Zwei obskure Metzgergesellen l\u00f6sen sich von ihrem sie drangsalierenden Chef und gr\u00fcnden eine eigene Metzgerei. Mit Hindernissen: keine Kunden, keine Beziehungen, kein Geld. Versehentlich wird der Elektriker tiefgefroren.<br>Bald ist der kleine Laden mit seinen speziellen Delikatessen in aller Munde.<\/p>\n\n\n\n<p><strong>Freunde des tiefschwarzen Humors kommen bei dieser bitterb\u00f6sen Kom\u00f6die voll auf ihre Kosten.<\/strong><\/p>\n\n\n\n<h3 class=\"wp-block-heading\">Auf der B\u00fchne<\/h3>\n\n\n\n<p><strong>Sven&nbsp;<\/strong>Gerhard Schneider<br><strong>Benni&nbsp;<\/strong>Werner Hohenegger<br><strong>Alex\/Elektriker\/Trommler&nbsp;<\/strong>Jonas Tatz<br><strong>Herbert\/Hans&nbsp;<\/strong>Michael Wieser<br><strong>Astrid\/Kundin&nbsp;<\/strong>Annalena Festini<br><strong>Sabine\/Krankenschwester&nbsp;<\/strong>Anna Larch<br><strong>Tina\/Kundin&nbsp;<\/strong>Susanne Egger<br><strong>Veschiedene Rollen&nbsp;<\/strong>Deborah Siller<\/p>\n\n\n\n<h3 class=\"wp-block-heading\">MItwirkende<\/h3>\n\n\n\n<p><strong>Regie:<\/strong>&nbsp;Ulrich Kofler<br><strong>Kost\u00fcme:<\/strong>&nbsp;Katrin B\u00f6ge<br><strong>Technik:&nbsp;<\/strong>Erich Gogl, Maria Lerchegger<br><strong>B\u00fchnenbau:<\/strong>&nbsp;Klaus Keim, Erich Gogl<br><strong>Requisiten:<\/strong>&nbsp;Helene Keim<br><strong>Regieassistenz:<\/strong>&nbsp;Maria Lerchegger<br><strong>Abendkasse:<\/strong>&nbsp;Sieglinde Siller,<br>Barbara Lerchegger, Julia Siller,<br>Maria Lerchegger<br><strong>Gesamtleitung:<\/strong>&nbsp;Werner Hohenegger<\/p>\n\n\n\n<h2 class=\"wp-block-heading\">Auff\u00fchrungen<\/h2>\n\n\n\n<p><a href=\"https:\/\/reservation.ticketleo.com\/event\/27000\/delikatessen\/72371\/seating\">Fr. 13.10.2023 \u2013 20.00 Uhr<\/a><br><a href=\"https:\/\/stadtbuehne-sterzing.com\/portfolio\/delikatessen\/\">So. 15.10.20232 \u2013 18.00 Uhr<\/a><br><a href=\"https:\/\/reservation.ticketleo.com\/event\/27000\/delikatessen\/72373\/seating\">Mi. 18.10.2023 \u2013 20.00 Uhr<\/a><br><a href=\"https:\/\/reservation.ticketleo.com\/event\/27000\/delikatessen\/72374\/seating\">Fr. 20.10.2023 \u2013 20.00 Uhr<\/a><br><a href=\"https:\/\/reservation.ticketleo.com\/event\/27000\/delikatessen\/72377\/seating\">So. 22.10.2023 \u2013 18.00 Uhr<\/a><br><a href=\"https:\/\/reservation.ticketleo.com\/event\/27000\/delikatessen\/72378\/seating\">Mo. 23.10.2023 \u2013 20.00 Uhr<\/a><br><a href=\"https:\/\/reservation.ticketleo.com\/event\/27000\/delikatessen\/72379\/seating\">Mi. 25.10.2023 \u2013 20.00 Uhr<\/a><br><a href=\"https:\/\/reservation.ticketleo.com\/event\/27000\/delikatessen\/72380\/seating\">Fr. 27.10.2023 \u2013 20.00 Uhr<\/a><br><a href=\"https:\/\/reservation.ticketleo.com\/event\/27000\/delikatessen\/72381\/seating\">Sa. 28.10.2023 \u2013 20.00 Uhr<\/a><br><a href=\"https:\/\/reservation.ticketleo.com\/event\/27000\/delikatessen\/72382\/seating\">So. 29.10.2023 \u2013 18.00 Uhr<\/a><\/p>\n\n\n\n<p>Wir spielen im kleinen Saal des Stadttheaters Sterzing.<br>Einlass ist eine halbe Stunde vor Spielbeginn.<br>Nicht geeignet f\u00fcr Kinder unter 12 Jahren.<\/p>\n\n\n\n<p><strong><a href=\"https:\/\/reservation.ticketleo.com\/event\/27000\/delikatessen\" data-type=\"link\" data-id=\"https:\/\/reservation.ticketleo.com\/event\/27000\/delikatessen\">ONLINE Kartenresevierung<\/a><\/strong><\/p>\n\n\n\n<p>infos: <a href=\"https:\/\/stadtbuehne-sterzing.com\/\">www.stadtb\u00fcne Sterzing<\/a><\/p>\n\n\n\n<figure class=\"wp-block-image size-large\"><a href=\"https:\/\/www.theateretcetera.com\/wp-content\/uploads\/2023\/09\/Insta-front.jpg\"><img decoding=\"async\" loading=\"lazy\" width=\"1024\" height=\"1024\" src=\"https:\/\/www.theateretcetera.com\/wp-content\/uploads\/2023\/09\/Insta-front-1024x1024.jpg\" alt=\"\" class=\"wp-image-893\" srcset=\"https:\/\/www.theateretcetera.com\/wp-content\/uploads\/2023\/09\/Insta-front-1024x1024.jpg 1024w, https:\/\/www.theateretcetera.com\/wp-content\/uploads\/2023\/09\/Insta-front-300x300.jpg 300w, https:\/\/www.theateretcetera.com\/wp-content\/uploads\/2023\/09\/Insta-front-150x150.jpg 150w, https:\/\/www.theateretcetera.com\/wp-content\/uploads\/2023\/09\/Insta-front-768x768.jpg 768w, https:\/\/www.theateretcetera.com\/wp-content\/uploads\/2023\/09\/Insta-front-100x100.jpg 100w, https:\/\/www.theateretcetera.com\/wp-content\/uploads\/2023\/09\/Insta-front.jpg 1080w\" sizes=\"(max-width: 767px) 89vw, (max-width: 1000px) 54vw, (max-width: 1071px) 543px, 580px\" \/><\/a><\/figure>\n\n\n\n<ul>\n<li><\/li>\n<\/ul>\n\n\n\n<hr class=\"wp-block-separator has-alpha-channel-opacity\"\/>\n\n\n\n<p>und weiter mit dem S\u00fcdtiroler Krimidinner:<\/p>\n\n\n\n<figure class=\"wp-block-image size-large\"><img decoding=\"async\" loading=\"lazy\" width=\"1024\" height=\"728\" src=\"https:\/\/www.theateretcetera.com\/wp-content\/uploads\/2020\/12\/Logo_neu-krimidinner-1024x728.png\" alt=\"\" class=\"wp-image-869\" srcset=\"https:\/\/www.theateretcetera.com\/wp-content\/uploads\/2020\/12\/Logo_neu-krimidinner-1024x728.png 1024w, https:\/\/www.theateretcetera.com\/wp-content\/uploads\/2020\/12\/Logo_neu-krimidinner-300x213.png 300w, https:\/\/www.theateretcetera.com\/wp-content\/uploads\/2020\/12\/Logo_neu-krimidinner-768x546.png 768w, https:\/\/www.theateretcetera.com\/wp-content\/uploads\/2020\/12\/Logo_neu-krimidinner-1536x1091.png 1536w, https:\/\/www.theateretcetera.com\/wp-content\/uploads\/2020\/12\/Logo_neu-krimidinner-2048x1455.png 2048w\" sizes=\"(max-width: 767px) 89vw, (max-width: 1000px) 54vw, (max-width: 1071px) 543px, 580px\" \/><\/figure>\n\n\n\n<h3 class=\"wp-block-heading\">das S\u00fcdtiroler <strong><a href=\"http:\/\/www.krimidinner.it\">KRMIDINNER<\/a><\/strong> \u00ae <strong><a href=\"http:\/\/www.krimidinner.it\"> <\/a><\/strong>mordsm\u00e4\u00dfig gut!<\/h3>\n\n\n\n<p><strong>coming soon<\/strong><br> <br> das S\u00fcdtiroler KRIMIDINNER\u00ae demn\u00e4chst in ganz S\u00fcdtirol &#8211; eine Produktion von <a href=\"https:\/\/www.theaterevents.it\/\">THEATER<strong>EVENTS<\/strong><\/a><\/p>\n\n\n\n<figure class=\"wp-block-image size-large\"><a href=\"https:\/\/www.theateretcetera.com\/wp-content\/uploads\/2022\/11\/Karten-vorne.jpg\"><img decoding=\"async\" loading=\"lazy\" width=\"683\" height=\"1024\" src=\"https:\/\/www.theateretcetera.com\/wp-content\/uploads\/2022\/11\/Karten-vorne-683x1024.jpg\" alt=\"\" class=\"wp-image-879\" srcset=\"https:\/\/www.theateretcetera.com\/wp-content\/uploads\/2022\/11\/Karten-vorne-683x1024.jpg 683w, https:\/\/www.theateretcetera.com\/wp-content\/uploads\/2022\/11\/Karten-vorne-200x300.jpg 200w, https:\/\/www.theateretcetera.com\/wp-content\/uploads\/2022\/11\/Karten-vorne-768x1152.jpg 768w, https:\/\/www.theateretcetera.com\/wp-content\/uploads\/2022\/11\/Karten-vorne-1024x1536.jpg 1024w, https:\/\/www.theateretcetera.com\/wp-content\/uploads\/2022\/11\/Karten-vorne.jpg 1231w\" sizes=\"(max-width: 683px) 100vw, 683px\" \/><\/a><\/figure>\n\n\n\n<p><\/p>\n\n\n\n<p><\/p>\n","protected":false},"excerpt":{"rendered":"<p>Mai 2025 in Raas: eine schr\u00e4ge Kom\u00f6die! es wird ein mordsm\u00e4\u00dfiger Spa\u00df, wir d\u00fcrfen Euch sehr herzlich zur schr\u00e4gen Kom\u00f6die von Michael McKeever AUF DER B\u00dcHNE FLORIAN BARTH, MARGIT DELTEDESCO, PETRA FINK TASCHLER, ANDREAS PENN, GABY ENGL LIENSBERGER und ROBERTA VOLGGER DELTEDESCO. Im Saal der Grundschule Raas (Natz-Schabs) TERMINE Freitag, &nbsp;&nbsp;&nbsp;&nbsp;&nbsp;&nbsp;&nbsp;&nbsp;&nbsp;&nbsp;&nbsp;&nbsp;&nbsp;&nbsp;&nbsp;&nbsp;&nbsp;&nbsp;&nbsp;&nbsp;&nbsp; 09. Mai 2025&nbsp;&nbsp;&nbsp;&nbsp;&nbsp;&nbsp;&nbsp;&nbsp;&nbsp;&nbsp;&nbsp;&nbsp;&nbsp;&nbsp; um &hellip; <\/p>\n<p class=\"link-more\"><a href=\"https:\/\/www.theateretcetera.com\/?p=793\" class=\"more-link\"><span class=\"screen-reader-text\">\u201edemn\u00e4chst zu sehen:\u201c<\/span> weiterlesen<\/a><\/p>\n","protected":false},"author":1,"featured_media":0,"comment_status":"closed","ping_status":"open","sticky":false,"template":"","format":"standard","meta":{"footnotes":""},"categories":[1],"tags":[],"_links":{"self":[{"href":"https:\/\/www.theateretcetera.com\/index.php?rest_route=\/wp\/v2\/posts\/793"}],"collection":[{"href":"https:\/\/www.theateretcetera.com\/index.php?rest_route=\/wp\/v2\/posts"}],"about":[{"href":"https:\/\/www.theateretcetera.com\/index.php?rest_route=\/wp\/v2\/types\/post"}],"author":[{"embeddable":true,"href":"https:\/\/www.theateretcetera.com\/index.php?rest_route=\/wp\/v2\/users\/1"}],"replies":[{"embeddable":true,"href":"https:\/\/www.theateretcetera.com\/index.php?rest_route=%2Fwp%2Fv2%2Fcomments&post=793"}],"version-history":[{"count":35,"href":"https:\/\/www.theateretcetera.com\/index.php?rest_route=\/wp\/v2\/posts\/793\/revisions"}],"predecessor-version":[{"id":945,"href":"https:\/\/www.theateretcetera.com\/index.php?rest_route=\/wp\/v2\/posts\/793\/revisions\/945"}],"wp:attachment":[{"href":"https:\/\/www.theateretcetera.com\/index.php?rest_route=%2Fwp%2Fv2%2Fmedia&parent=793"}],"wp:term":[{"taxonomy":"category","embeddable":true,"href":"https:\/\/www.theateretcetera.com\/index.php?rest_route=%2Fwp%2Fv2%2Fcategories&post=793"},{"taxonomy":"post_tag","embeddable":true,"href":"https:\/\/www.theateretcetera.com\/index.php?rest_route=%2Fwp%2Fv2%2Ftags&post=793"}],"curies":[{"name":"wp","href":"https:\/\/api.w.org\/{rel}","templated":true}]}}